{"id":5073,"date":"2023-02-09T13:05:05","date_gmt":"2023-02-09T12:05:05","guid":{"rendered":"https:\/\/www.irinakaramarkovic.com\/irina\/?p=5073"},"modified":"2023-03-10T11:17:25","modified_gmt":"2023-03-10T10:17:25","slug":"frauenmarz-im-da-loam-eroffnung-der-vernissage-von-selma-etareri-und-performativer-vortrag-von-irina-karamarkovic","status":"publish","type":"post","link":"https:\/\/www.irinakaramarkovic.com\/irina\/?p=5073","title":{"rendered":"FRAUENM\u00c4RZ IM DA LOAM &#8211; ER\u00d6FFNUNG DER VERNISSAGE VON SELMA ETARERI UND PERFORMATIVER VORTRAG VON IRINA KARAMARKOVI\u0106"},"content":{"rendered":"\t\t<div data-elementor-type=\"wp-post\" data-elementor-id=\"5073\" class=\"elementor elementor-5073\" data-elementor-post-type=\"post\">\n\t\t\t\t\t\t<section class=\"elementor-section elementor-top-section elementor-element elementor-element-78b80734 elementor-section-boxed elementor-section-height-default elementor-section-height-default\" data-id=\"78b80734\" data-element_type=\"section\" data-e-type=\"section\">\n\t\t\t\t\t\t<div class=\"elementor-container elementor-column-gap-default\">\n\t\t\t\t\t<div class=\"elementor-column elementor-col-33 elementor-top-column elementor-element elementor-element-1c7d5909\" data-id=\"1c7d5909\" data-element_type=\"column\" data-e-type=\"column\">\n\t\t\t<div class=\"elementor-widget-wrap\">\n\t\t\t\t\t\t\t<\/div>\n\t\t<\/div>\n\t\t\t\t<div class=\"elementor-column elementor-col-33 elementor-top-column elementor-element elementor-element-fc78833\" data-id=\"fc78833\" data-element_type=\"column\" data-e-type=\"column\">\n\t\t\t<div class=\"elementor-widget-wrap elementor-element-populated\">\n\t\t\t\t\t\t<div class=\"elementor-element elementor-element-01a604e elementor-widget elementor-widget-text-editor\" data-id=\"01a604e\" data-element_type=\"widget\" data-e-type=\"widget\" data-widget_type=\"text-editor.default\">\n\t\t\t\t<div class=\"elementor-widget-container\">\n\t\t\t\t\t\t\t\t\tMarch 8th,\nStart: 19:00 &#8211;\nKunst- und Keramikstudio DA LOAM, Mariahilfer Stra\u00dfe 11, Graz\t\t\t\t\t\t\t\t<\/div>\n\t\t\t\t<\/div>\n\t\t\t\t<div class=\"elementor-element elementor-element-d02a7c7 elementor-widget elementor-widget-text-editor\" data-id=\"d02a7c7\" data-element_type=\"widget\" data-e-type=\"widget\" data-widget_type=\"text-editor.default\">\n\t\t\t\t<div class=\"elementor-widget-container\">\n\t\t\t\t\t\t\t\t\tSelma Etareri &#8211; Weibliche Wesen gezeichnet und aus Ton\nIrina Karamarkovi\u0107 &#8211; a cappella &#8211; Performativer Vortrag: Die Behandlung der Frau in Volksliedern unterschiedlicher Kulturen \t\t\t\t\t\t\t\t<\/div>\n\t\t\t\t<\/div>\n\t\t\t\t<div class=\"elementor-element elementor-element-e684421 elementor-align-center elementor-widget elementor-widget-button\" data-id=\"e684421\" data-element_type=\"widget\" data-e-type=\"widget\" data-widget_type=\"button.default\">\n\t\t\t\t<div class=\"elementor-widget-container\">\n\t\t\t\t\t\t\t\t\t<div class=\"elementor-button-wrapper\">\n\t\t\t\t\t<a class=\"elementor-button elementor-button-link elementor-size-sm\" href=\"https:\/\/www.selma-keramik.at\/frauenmaerz-im-da-loam\/\" target=\"_blank\">\n\t\t\t\t\t\t<span class=\"elementor-button-content-wrapper\">\n\t\t\t\t\t\t\t\t\t<span class=\"elementor-button-text\">Visit<\/span>\n\t\t\t\t\t<\/span>\n\t\t\t\t\t<\/a>\n\t\t\t\t<\/div>\n\t\t\t\t\t\t\t\t<\/div>\n\t\t\t\t<\/div>\n\t\t\t\t\t<\/div>\n\t\t<\/div>\n\t\t\t\t<div class=\"elementor-column elementor-col-33 elementor-top-column elementor-element elementor-element-b3d30b8\" data-id=\"b3d30b8\" data-element_type=\"column\" data-e-type=\"column\">\n\t\t\t<div class=\"elementor-widget-wrap\">\n\t\t\t\t\t\t\t<\/div>\n\t\t<\/div>\n\t\t\t\t\t<\/div>\n\t\t<\/section>\n\t\t\t\t<\/div>\n\t\t","protected":false},"excerpt":{"rendered":"<p>March 8th<br \/>\nStart: 19:00<br \/>\nKunst- und Keramikstudio DA LOAM, Mariahilfer Stra\u00dfe 11, Graz<\/p>\n","protected":false},"author":2,"featured_media":5123,"comment_status":"closed","ping_status":"closed","sticky":false,"template":"","format":"standard","meta":{"footnotes":""},"categories":[4],"tags":[],"class_list":["post-5073","post","type-post","status-publish","format-standard","has-post-thumbnail","hentry","category-concert"],"_links":{"self":[{"href":"https:\/\/www.irinakaramarkovic.com\/irina\/index.php?rest_route=\/wp\/v2\/posts\/5073","targetHints":{"allow":["GET"]}}],"collection":[{"href":"https:\/\/www.irinakaramarkovic.com\/irina\/index.php?rest_route=\/wp\/v2\/posts"}],"about":[{"href":"https:\/\/www.irinakaramarkovic.com\/irina\/index.php?rest_route=\/wp\/v2\/types\/post"}],"author":[{"embeddable":true,"href":"https:\/\/www.irinakaramarkovic.com\/irina\/index.php?rest_route=\/wp\/v2\/users\/2"}],"replies":[{"embeddable":true,"href":"https:\/\/www.irinakaramarkovic.com\/irina\/index.php?rest_route=%2Fwp%2Fv2%2Fcomments&post=5073"}],"version-history":[{"count":5,"href":"https:\/\/www.irinakaramarkovic.com\/irina\/index.php?rest_route=\/wp\/v2\/posts\/5073\/revisions"}],"predecessor-version":[{"id":5286,"href":"https:\/\/www.irinakaramarkovic.com\/irina\/index.php?rest_route=\/wp\/v2\/posts\/5073\/revisions\/5286"}],"wp:featuredmedia":[{"embeddable":true,"href":"https:\/\/www.irinakaramarkovic.com\/irina\/index.php?rest_route=\/wp\/v2\/media\/5123"}],"wp:attachment":[{"href":"https:\/\/www.irinakaramarkovic.com\/irina\/index.php?rest_route=%2Fwp%2Fv2%2Fmedia&parent=5073"}],"wp:term":[{"taxonomy":"category","embeddable":true,"href":"https:\/\/www.irinakaramarkovic.com\/irina\/index.php?rest_route=%2Fwp%2Fv2%2Fcategories&post=5073"},{"taxonomy":"post_tag","embeddable":true,"href":"https:\/\/www.irinakaramarkovic.com\/irina\/index.php?rest_route=%2Fwp%2Fv2%2Ftags&post=5073"}],"curies":[{"name":"wp","href":"https:\/\/api.w.org\/{rel}","templated":true}]}}